{"id":557,"date":"2019-07-13T19:29:07","date_gmt":"2019-07-13T17:29:07","guid":{"rendered":"http:\/\/www.annodazumal.net\/?p=557"},"modified":"2019-07-13T19:29:09","modified_gmt":"2019-07-13T17:29:09","slug":"grundgedanken-zur-eigenen-webpraesenz","status":"publish","type":"post","link":"https:\/\/www.annodazumal.net\/index.php\/2019\/07\/13\/grundgedanken-zur-eigenen-webpraesenz\/","title":{"rendered":"Grundgedanken zur eigenen Webpr\u00e4senz"},"content":{"rendered":"\n<p><em>Eines ist ganz wichtig: Zun\u00e4chst braucht man ein klares Bild vom eigenen Unternehmen, dann kann man anfangen, Inhalte f\u00fcr eine neue Website festzulegen.<\/em><\/p>\n\n\n\n<p>Prinzipiell ist alles m\u00f6glich, solange es zu einem Unternehmen und nat\u00fcrlich auch zu den Kunden passt. Das f\u00e4ngt schon mit der Ansprache an. In einigen Branchen wird mittlerweile schnell geduzt. In solchen Gesch\u00e4ftsfeldern kann man auch ruhig in Jeans und Turnschuhen zum Meeting auftauchen. Die E-Mail-Adressen haben meistens nur den Vornamen eines Mitarbeiters vor dem @. In anderen Zweigen kommt man ohne Anzug und Krawatte nicht gut an, und Gesch\u00e4ftspartner werden klassisch mit \u201eSie\u201c angesprochen. Diese Gepflogenheiten aus dem realen Berufsalltag sollte eine Website widerspiegeln. Du willst ja online genauso wenig anecken, wie im wahren Gesch\u00e4ftsleben.<\/p>\n\n\n\n<h2 class=\"wp-block-heading\">Der Schuh muss sitzen<\/h2>\n\n\n\n<p>Gleiches gilt im Grunde auch f\u00fcr das, was du auf deiner Website pr\u00e4sentierst. In kreativen Arbeitsbereichen kann man mit ausgefallenen Ideen und \u00fcberraschenden Inhalten \u00fcberzeugen. In Berufszweigen, in denen es um sensible Lebensbereiche wie Gesundheit oder Finanzen geht, spielen Vertrauen und Seriosit\u00e4t im Internetauftritt eine gr\u00f6\u00dfere Rolle. Trotzdem musst du aber nicht immer alles genauso machen wie der Rest der Schafherde. Wenn du eine gute Idee f\u00fcr deine Website hast, die vielleicht etwas ungew\u00f6hnlich ist, kannst du auch in konservativen Branchen punkten. Achte aber immer darauf, dass die Umsetzung zu dir und deinem Unternehmen passt und die Besucher deiner Website positiv \u00fcberrascht, nicht abschreckt oder \u00fcberfordert.<\/p>\n\n\n\n<p>Abgesehen von unternehmensspezifischen Themen und Informationen gibt es einige Standards f\u00fcr professionelle Firmen-Websites, die sich bew\u00e4hrt und durchgesetzt haben. Viele Internetnutzer werden diese Inhalte auf deiner Seite erwarten, daher solltest du sie in der einen oder an- deren Form ber\u00fccksichtigen und unterbringen. Dazu geh\u00f6ren das Leistungsspektrum, ein Profil, Referenzen und gerne ein Blog. Au\u00dferdem darf ein Kontaktformular nat\u00fcrlich nicht fehlen. <\/p>\n\n\n\n<blockquote class=\"wp-block-quote is-layout-flow wp-block-quote-is-layout-flow\"><p>Logo: Flagge zeigen, Farbe bekennen<br> Eigentlich nicht der Rede wert, aber es gibt tats\u00e4chlich Firmen, die kein Logo auf der Website haben. Freiberufler oder Selbstst\u00e4ndige haben oft keines, dann gen\u00fcgt es nat\u00fcrlich, den Namen gut sichtbar zu platzieren. Wenn dein Unternehmen aber ein Logo hat, geh\u00f6rt es auf jeden Fall auf die Website. Und zwar auf jede Seite, m\u00f6glichst oben links!<\/p><\/blockquote>\n","protected":false},"excerpt":{"rendered":"<p>Eines ist ganz wichtig: Zun\u00e4chst braucht man ein klares Bild vom eigenen Unternehmen, dann kann man anfangen, Inhalte f\u00fcr eine neue Website festzulegen. Prinzipiell ist alles m\u00f6glich, solange es zu [&hellip;]<\/p>\n","protected":false},"author":1,"featured_media":558,"comment_status":"open","ping_status":"open","sticky":false,"template":"","format":"standard","meta":{"footnotes":""},"categories":[4],"tags":[89,90,82],"class_list":["post-557","post","type-post","status-publish","format-standard","has-post-thumbnail","hentry","category-strategie","tag-konzept","tag-struktur","tag-website"],"yoast_head":"<!-- This site is optimized with the Yoast SEO plugin v27.5 - https:\/\/yoast.com\/product\/yoast-seo-wordpress\/ -->\n<title>Grundgedanken zur eigenen Webpr\u00e4senz -<\/title>\n<meta name=\"robots\" content=\"index, follow, max-snippet:-1, max-image-preview:large, max-video-preview:-1\" \/>\n<link rel=\"canonical\" href=\"https:\/\/www.annodazumal.net\/index.php\/2019\/07\/13\/grundgedanken-zur-eigenen-webpraesenz\/\" \/>\n<meta property=\"og:locale\" content=\"de_DE\" \/>\n<meta property=\"og:type\" content=\"article\" \/>\n<meta property=\"og:title\" content=\"Grundgedanken zur eigenen Webpr\u00e4senz -\" \/>\n<meta property=\"og:description\" content=\"Eines ist ganz wichtig: Zun\u00e4chst braucht man ein klares Bild vom eigenen Unternehmen, dann kann man anfangen, Inhalte f\u00fcr eine neue Website festzulegen. Prinzipiell ist alles m\u00f6glich, solange es zu [&hellip;]\" \/>\n<meta property=\"og:url\" content=\"https:\/\/www.annodazumal.net\/index.php\/2019\/07\/13\/grundgedanken-zur-eigenen-webpraesenz\/\" \/>\n<meta property=\"article:published_time\" content=\"2019-07-13T17:29:07+00:00\" \/>\n<meta property=\"article:modified_time\" content=\"2019-07-13T17:29:09+00:00\" \/>\n<meta property=\"og:image\" content=\"https:\/\/www.annodazumal.net\/wp-content\/uploads\/2019\/07\/legs-362182_1280.jpg\" \/>\n\t<meta property=\"og:image:width\" content=\"1280\" \/>\n\t<meta property=\"og:image:height\" content=\"853\" \/>\n\t<meta property=\"og:image:type\" content=\"image\/jpeg\" \/>\n<meta name=\"author\" content=\"planetbarb\" \/>\n<meta name=\"twitter:card\" content=\"summary_large_image\" \/>\n<meta name=\"twitter:label1\" content=\"Verfasst von\" \/>\n\t<meta name=\"twitter:data1\" content=\"planetbarb\" \/>\n\t<meta name=\"twitter:label2\" content=\"Gesch\u00e4tzte Lesezeit\" \/>\n\t<meta name=\"twitter:data2\" content=\"2\u00a0Minuten\" \/>\n<script type=\"application\/ld+json\" class=\"yoast-schema-graph\">{\"@context\":\"https:\\\/\\\/schema.org\",\"@graph\":[{\"@type\":\"Article\",\"@id\":\"https:\\\/\\\/www.annodazumal.net\\\/index.php\\\/2019\\\/07\\\/13\\\/grundgedanken-zur-eigenen-webpraesenz\\\/#article\",\"isPartOf\":{\"@id\":\"https:\\\/\\\/www.annodazumal.net\\\/index.php\\\/2019\\\/07\\\/13\\\/grundgedanken-zur-eigenen-webpraesenz\\\/\"},\"author\":{\"name\":\"planetbarb\",\"@id\":\"https:\\\/\\\/www.annodazumal.net\\\/#\\\/schema\\\/person\\\/cff191c206ab7a547500be0296106e50\"},\"headline\":\"Grundgedanken zur eigenen Webpr\u00e4senz\",\"datePublished\":\"2019-07-13T17:29:07+00:00\",\"dateModified\":\"2019-07-13T17:29:09+00:00\",\"mainEntityOfPage\":{\"@id\":\"https:\\\/\\\/www.annodazumal.net\\\/index.php\\\/2019\\\/07\\\/13\\\/grundgedanken-zur-eigenen-webpraesenz\\\/\"},\"wordCount\":380,\"commentCount\":1,\"image\":{\"@id\":\"https:\\\/\\\/www.annodazumal.net\\\/index.php\\\/2019\\\/07\\\/13\\\/grundgedanken-zur-eigenen-webpraesenz\\\/#primaryimage\"},\"thumbnailUrl\":\"https:\\\/\\\/www.annodazumal.net\\\/wp-content\\\/uploads\\\/2019\\\/07\\\/legs-362182_1280.jpg\",\"keywords\":[\"konzept\",\"struktur\",\"website\"],\"articleSection\":[\"STRATEGIE\"],\"inLanguage\":\"de\",\"potentialAction\":[{\"@type\":\"CommentAction\",\"name\":\"Comment\",\"target\":[\"https:\\\/\\\/www.annodazumal.net\\\/index.php\\\/2019\\\/07\\\/13\\\/grundgedanken-zur-eigenen-webpraesenz\\\/#respond\"]}]},{\"@type\":\"WebPage\",\"@id\":\"https:\\\/\\\/www.annodazumal.net\\\/index.php\\\/2019\\\/07\\\/13\\\/grundgedanken-zur-eigenen-webpraesenz\\\/\",\"url\":\"https:\\\/\\\/www.annodazumal.net\\\/index.php\\\/2019\\\/07\\\/13\\\/grundgedanken-zur-eigenen-webpraesenz\\\/\",\"name\":\"Grundgedanken zur eigenen Webpr\u00e4senz -\",\"isPartOf\":{\"@id\":\"https:\\\/\\\/www.annodazumal.net\\\/#website\"},\"primaryImageOfPage\":{\"@id\":\"https:\\\/\\\/www.annodazumal.net\\\/index.php\\\/2019\\\/07\\\/13\\\/grundgedanken-zur-eigenen-webpraesenz\\\/#primaryimage\"},\"image\":{\"@id\":\"https:\\\/\\\/www.annodazumal.net\\\/index.php\\\/2019\\\/07\\\/13\\\/grundgedanken-zur-eigenen-webpraesenz\\\/#primaryimage\"},\"thumbnailUrl\":\"https:\\\/\\\/www.annodazumal.net\\\/wp-content\\\/uploads\\\/2019\\\/07\\\/legs-362182_1280.jpg\",\"datePublished\":\"2019-07-13T17:29:07+00:00\",\"dateModified\":\"2019-07-13T17:29:09+00:00\",\"author\":{\"@id\":\"https:\\\/\\\/www.annodazumal.net\\\/#\\\/schema\\\/person\\\/cff191c206ab7a547500be0296106e50\"},\"breadcrumb\":{\"@id\":\"https:\\\/\\\/www.annodazumal.net\\\/index.php\\\/2019\\\/07\\\/13\\\/grundgedanken-zur-eigenen-webpraesenz\\\/#breadcrumb\"},\"inLanguage\":\"de\",\"potentialAction\":[{\"@type\":\"ReadAction\",\"target\":[\"https:\\\/\\\/www.annodazumal.net\\\/index.php\\\/2019\\\/07\\\/13\\\/grundgedanken-zur-eigenen-webpraesenz\\\/\"]}]},{\"@type\":\"ImageObject\",\"inLanguage\":\"de\",\"@id\":\"https:\\\/\\\/www.annodazumal.net\\\/index.php\\\/2019\\\/07\\\/13\\\/grundgedanken-zur-eigenen-webpraesenz\\\/#primaryimage\",\"url\":\"https:\\\/\\\/www.annodazumal.net\\\/wp-content\\\/uploads\\\/2019\\\/07\\\/legs-362182_1280.jpg\",\"contentUrl\":\"https:\\\/\\\/www.annodazumal.net\\\/wp-content\\\/uploads\\\/2019\\\/07\\\/legs-362182_1280.jpg\",\"width\":1280,\"height\":853},{\"@type\":\"BreadcrumbList\",\"@id\":\"https:\\\/\\\/www.annodazumal.net\\\/index.php\\\/2019\\\/07\\\/13\\\/grundgedanken-zur-eigenen-webpraesenz\\\/#breadcrumb\",\"itemListElement\":[{\"@type\":\"ListItem\",\"position\":1,\"name\":\"Startseite\",\"item\":\"https:\\\/\\\/www.annodazumal.net\\\/\"},{\"@type\":\"ListItem\",\"position\":2,\"name\":\"Grundgedanken zur eigenen Webpr\u00e4senz\"}]},{\"@type\":\"WebSite\",\"@id\":\"https:\\\/\\\/www.annodazumal.net\\\/#website\",\"url\":\"https:\\\/\\\/www.annodazumal.net\\\/\",\"name\":\"\",\"description\":\"\",\"potentialAction\":[{\"@type\":\"SearchAction\",\"target\":{\"@type\":\"EntryPoint\",\"urlTemplate\":\"https:\\\/\\\/www.annodazumal.net\\\/?s={search_term_string}\"},\"query-input\":{\"@type\":\"PropertyValueSpecification\",\"valueRequired\":true,\"valueName\":\"search_term_string\"}}],\"inLanguage\":\"de\"},{\"@type\":\"Person\",\"@id\":\"https:\\\/\\\/www.annodazumal.net\\\/#\\\/schema\\\/person\\\/cff191c206ab7a547500be0296106e50\",\"name\":\"planetbarb\",\"image\":{\"@type\":\"ImageObject\",\"inLanguage\":\"de\",\"@id\":\"https:\\\/\\\/secure.gravatar.com\\\/avatar\\\/6a0b1651ec67ec023cc1623c7a6ead916ead6ff0d4b94fb19eb181c87b2fde1d?s=96&d=mm&r=g\",\"url\":\"https:\\\/\\\/secure.gravatar.com\\\/avatar\\\/6a0b1651ec67ec023cc1623c7a6ead916ead6ff0d4b94fb19eb181c87b2fde1d?s=96&d=mm&r=g\",\"contentUrl\":\"https:\\\/\\\/secure.gravatar.com\\\/avatar\\\/6a0b1651ec67ec023cc1623c7a6ead916ead6ff0d4b94fb19eb181c87b2fde1d?s=96&d=mm&r=g\",\"caption\":\"planetbarb\"},\"url\":\"https:\\\/\\\/www.annodazumal.net\\\/index.php\\\/author\\\/planetbarb\\\/\"}]}<\/script>\n<!-- \/ Yoast SEO plugin. -->","yoast_head_json":{"title":"Grundgedanken zur eigenen Webpr\u00e4senz -","robots":{"index":"index","follow":"follow","max-snippet":"max-snippet:-1","max-image-preview":"max-image-preview:large","max-video-preview":"max-video-preview:-1"},"canonical":"https:\/\/www.annodazumal.net\/index.php\/2019\/07\/13\/grundgedanken-zur-eigenen-webpraesenz\/","og_locale":"de_DE","og_type":"article","og_title":"Grundgedanken zur eigenen Webpr\u00e4senz -","og_description":"Eines ist ganz wichtig: Zun\u00e4chst braucht man ein klares Bild vom eigenen Unternehmen, dann kann man anfangen, Inhalte f\u00fcr eine neue Website festzulegen. Prinzipiell ist alles m\u00f6glich, solange es zu [&hellip;]","og_url":"https:\/\/www.annodazumal.net\/index.php\/2019\/07\/13\/grundgedanken-zur-eigenen-webpraesenz\/","article_published_time":"2019-07-13T17:29:07+00:00","article_modified_time":"2019-07-13T17:29:09+00:00","og_image":[{"width":1280,"height":853,"url":"https:\/\/www.annodazumal.net\/wp-content\/uploads\/2019\/07\/legs-362182_1280.jpg","type":"image\/jpeg"}],"author":"planetbarb","twitter_card":"summary_large_image","twitter_misc":{"Verfasst von":"planetbarb","Gesch\u00e4tzte Lesezeit":"2\u00a0Minuten"},"schema":{"@context":"https:\/\/schema.org","@graph":[{"@type":"Article","@id":"https:\/\/www.annodazumal.net\/index.php\/2019\/07\/13\/grundgedanken-zur-eigenen-webpraesenz\/#article","isPartOf":{"@id":"https:\/\/www.annodazumal.net\/index.php\/2019\/07\/13\/grundgedanken-zur-eigenen-webpraesenz\/"},"author":{"name":"planetbarb","@id":"https:\/\/www.annodazumal.net\/#\/schema\/person\/cff191c206ab7a547500be0296106e50"},"headline":"Grundgedanken zur eigenen Webpr\u00e4senz","datePublished":"2019-07-13T17:29:07+00:00","dateModified":"2019-07-13T17:29:09+00:00","mainEntityOfPage":{"@id":"https:\/\/www.annodazumal.net\/index.php\/2019\/07\/13\/grundgedanken-zur-eigenen-webpraesenz\/"},"wordCount":380,"commentCount":1,"image":{"@id":"https:\/\/www.annodazumal.net\/index.php\/2019\/07\/13\/grundgedanken-zur-eigenen-webpraesenz\/#primaryimage"},"thumbnailUrl":"https:\/\/www.annodazumal.net\/wp-content\/uploads\/2019\/07\/legs-362182_1280.jpg","keywords":["konzept","struktur","website"],"articleSection":["STRATEGIE"],"inLanguage":"de","potentialAction":[{"@type":"CommentAction","name":"Comment","target":["https:\/\/www.annodazumal.net\/index.php\/2019\/07\/13\/grundgedanken-zur-eigenen-webpraesenz\/#respond"]}]},{"@type":"WebPage","@id":"https:\/\/www.annodazumal.net\/index.php\/2019\/07\/13\/grundgedanken-zur-eigenen-webpraesenz\/","url":"https:\/\/www.annodazumal.net\/index.php\/2019\/07\/13\/grundgedanken-zur-eigenen-webpraesenz\/","name":"Grundgedanken zur eigenen Webpr\u00e4senz -","isPartOf":{"@id":"https:\/\/www.annodazumal.net\/#website"},"primaryImageOfPage":{"@id":"https:\/\/www.annodazumal.net\/index.php\/2019\/07\/13\/grundgedanken-zur-eigenen-webpraesenz\/#primaryimage"},"image":{"@id":"https:\/\/www.annodazumal.net\/index.php\/2019\/07\/13\/grundgedanken-zur-eigenen-webpraesenz\/#primaryimage"},"thumbnailUrl":"https:\/\/www.annodazumal.net\/wp-content\/uploads\/2019\/07\/legs-362182_1280.jpg","datePublished":"2019-07-13T17:29:07+00:00","dateModified":"2019-07-13T17:29:09+00:00","author":{"@id":"https:\/\/www.annodazumal.net\/#\/schema\/person\/cff191c206ab7a547500be0296106e50"},"breadcrumb":{"@id":"https:\/\/www.annodazumal.net\/index.php\/2019\/07\/13\/grundgedanken-zur-eigenen-webpraesenz\/#breadcrumb"},"inLanguage":"de","potentialAction":[{"@type":"ReadAction","target":["https:\/\/www.annodazumal.net\/index.php\/2019\/07\/13\/grundgedanken-zur-eigenen-webpraesenz\/"]}]},{"@type":"ImageObject","inLanguage":"de","@id":"https:\/\/www.annodazumal.net\/index.php\/2019\/07\/13\/grundgedanken-zur-eigenen-webpraesenz\/#primaryimage","url":"https:\/\/www.annodazumal.net\/wp-content\/uploads\/2019\/07\/legs-362182_1280.jpg","contentUrl":"https:\/\/www.annodazumal.net\/wp-content\/uploads\/2019\/07\/legs-362182_1280.jpg","width":1280,"height":853},{"@type":"BreadcrumbList","@id":"https:\/\/www.annodazumal.net\/index.php\/2019\/07\/13\/grundgedanken-zur-eigenen-webpraesenz\/#breadcrumb","itemListElement":[{"@type":"ListItem","position":1,"name":"Startseite","item":"https:\/\/www.annodazumal.net\/"},{"@type":"ListItem","position":2,"name":"Grundgedanken zur eigenen Webpr\u00e4senz"}]},{"@type":"WebSite","@id":"https:\/\/www.annodazumal.net\/#website","url":"https:\/\/www.annodazumal.net\/","name":"","description":"","potentialAction":[{"@type":"SearchAction","target":{"@type":"EntryPoint","urlTemplate":"https:\/\/www.annodazumal.net\/?s={search_term_string}"},"query-input":{"@type":"PropertyValueSpecification","valueRequired":true,"valueName":"search_term_string"}}],"inLanguage":"de"},{"@type":"Person","@id":"https:\/\/www.annodazumal.net\/#\/schema\/person\/cff191c206ab7a547500be0296106e50","name":"planetbarb","image":{"@type":"ImageObject","inLanguage":"de","@id":"https:\/\/secure.gravatar.com\/avatar\/6a0b1651ec67ec023cc1623c7a6ead916ead6ff0d4b94fb19eb181c87b2fde1d?s=96&d=mm&r=g","url":"https:\/\/secure.gravatar.com\/avatar\/6a0b1651ec67ec023cc1623c7a6ead916ead6ff0d4b94fb19eb181c87b2fde1d?s=96&d=mm&r=g","contentUrl":"https:\/\/secure.gravatar.com\/avatar\/6a0b1651ec67ec023cc1623c7a6ead916ead6ff0d4b94fb19eb181c87b2fde1d?s=96&d=mm&r=g","caption":"planetbarb"},"url":"https:\/\/www.annodazumal.net\/index.php\/author\/planetbarb\/"}]}},"_links":{"self":[{"href":"https:\/\/www.annodazumal.net\/index.php\/wp-json\/wp\/v2\/posts\/557","targetHints":{"allow":["GET"]}}],"collection":[{"href":"https:\/\/www.annodazumal.net\/index.php\/wp-json\/wp\/v2\/posts"}],"about":[{"href":"https:\/\/www.annodazumal.net\/index.php\/wp-json\/wp\/v2\/types\/post"}],"author":[{"embeddable":true,"href":"https:\/\/www.annodazumal.net\/index.php\/wp-json\/wp\/v2\/users\/1"}],"replies":[{"embeddable":true,"href":"https:\/\/www.annodazumal.net\/index.php\/wp-json\/wp\/v2\/comments?post=557"}],"version-history":[{"count":2,"href":"https:\/\/www.annodazumal.net\/index.php\/wp-json\/wp\/v2\/posts\/557\/revisions"}],"predecessor-version":[{"id":560,"href":"https:\/\/www.annodazumal.net\/index.php\/wp-json\/wp\/v2\/posts\/557\/revisions\/560"}],"wp:featuredmedia":[{"embeddable":true,"href":"https:\/\/www.annodazumal.net\/index.php\/wp-json\/wp\/v2\/media\/558"}],"wp:attachment":[{"href":"https:\/\/www.annodazumal.net\/index.php\/wp-json\/wp\/v2\/media?parent=557"}],"wp:term":[{"taxonomy":"category","embeddable":true,"href":"https:\/\/www.annodazumal.net\/index.php\/wp-json\/wp\/v2\/categories?post=557"},{"taxonomy":"post_tag","embeddable":true,"href":"https:\/\/www.annodazumal.net\/index.php\/wp-json\/wp\/v2\/tags?post=557"}],"curies":[{"name":"wp","href":"https:\/\/api.w.org\/{rel}","templated":true}]}}