{"id":488,"date":"2019-07-12T19:25:31","date_gmt":"2019-07-12T17:25:31","guid":{"rendered":"http:\/\/www.annodazumal.net\/?p=488"},"modified":"2019-07-12T19:25:32","modified_gmt":"2019-07-12T17:25:32","slug":"warum-ich-social-media-so-mag","status":"publish","type":"post","link":"https:\/\/www.annodazumal.net\/index.php\/2019\/07\/12\/warum-ich-social-media-so-mag\/","title":{"rendered":"Warum ich Social Media so mag"},"content":{"rendered":"\n<p><em>Ich geb\u2019s jetzt einfach mal zu: Eigentlich bin ich ganz gern faul. Wenn es f\u00fcr etwas eine praktische L\u00f6sung gibt, bin ich dabei. Darum graut es mir vor jeder Anschaffung. Stundenlang m\u00fcsste ich da eigentlich recherchieren. Erst einmal das richtige Produkt finden, schlie\u00dflich gibt es alles in zigfacher Ausf\u00fchrung. Als N\u00e4chstes muss dann das g\u00fcnstigste Schn\u00e4ppchen aufgetan, Lieferbedingungen und Versandkosten verglichen werden. Und zu guter Letzt sollte der Anbieter dann auch noch m\u00f6glichst vertrauensw\u00fcrdig sein. Damit kann man sich durchaus einige Abende um die Ohren schlagen.<\/em><\/p>\n\n\n\n<p><br> Seit zwei Jahren spare ich mir das. <\/p>\n\n\n\n<p>Wenn ich etwas brauche, egal ob Hotel, Flachbildfernseher oder Geschenke f\u00fcr Oma, ich frag einfach meine Freunde. Und \u2013 hallo! \u2013 seit ich bei Facebook angemeldet bin, hab ich so viele Freunde wie nie zuvor. 238 an der Zahl! Wer h\u00e4tte das gedacht? Ob ich meine Facebook-Freunde auch im wahren Leben mit diesem Pr\u00e4dikat versehen h\u00e4tte, das kann ich dir nicht sagen. Aber \u201eFreunde\u201c h\u00f6rt sich schon geschmeidiger an als \u201ebest\u00e4tigte Kontakte\u201c. Also bleibe ich dabei. <\/p>\n\n\n\n<h2 class=\"wp-block-heading\">Ich nehm den Publikumsjoker<\/h2>\n\n\n\n<p>Jedenfalls sind mir meine Buddies auf Facebook und Twitter schon sehr behilflich gewesen. Einfach mal in die Runde gefragt und innerhalb k\u00fcrzester Zeit kommen Empfehlungen f\u00fcr gute und g\u00fcnstige Produkte, die genau meinen Geschmack und Bedarf treffen. Das ist ein bisschen wie mit dem Zusatzjoker bei \u201eWer wird Million\u00e4r\u201c: Egal wie abwegig die Frage ist, da wei\u00df auch immer irgendjemand, wie sich Pantoffeltierchen vermehren oder was das Verkehrszeichen Nummer 206 ist.<\/p>\n\n\n\n<blockquote class=\"wp-block-quote is-layout-flow wp-block-quote-is-layout-flow\"><p>\u00dcbrigens: Der Kurznachrichtendienst Twitter wird auch liebevoll Twoogle genannt Weil er genauso schnell Antworten liefert wie die Suchmaschine Google. Und weil ich meine Twitter-Freunde besser kenne als Herrn Google, mache ich mir das gern zunutze. <\/p><\/blockquote>\n","protected":false},"excerpt":{"rendered":"<p>Ich geb\u2019s jetzt einfach mal zu: Eigentlich bin ich ganz gern faul. Wenn es f\u00fcr etwas eine praktische L\u00f6sung gibt, bin ich dabei. Darum graut es mir vor jeder Anschaffung. [&hellip;]<\/p>\n","protected":false},"author":1,"featured_media":489,"comment_status":"open","ping_status":"open","sticky":false,"template":"","format":"standard","meta":{"footnotes":""},"categories":[7],"tags":[58,59,27,53],"class_list":["post-488","post","type-post","status-publish","format-standard","has-post-thumbnail","hentry","category-gedanken","tag-crowd","tag-freunde","tag-twitter","tag-wissen"],"yoast_head":"<!-- This site is optimized with the Yoast SEO plugin v27.5 - https:\/\/yoast.com\/product\/yoast-seo-wordpress\/ -->\n<title>Warum ich Social Media so mag -<\/title>\n<meta name=\"robots\" content=\"index, follow, max-snippet:-1, max-image-preview:large, max-video-preview:-1\" \/>\n<link rel=\"canonical\" href=\"https:\/\/www.annodazumal.net\/index.php\/2019\/07\/12\/warum-ich-social-media-so-mag\/\" \/>\n<meta property=\"og:locale\" content=\"de_DE\" \/>\n<meta property=\"og:type\" content=\"article\" \/>\n<meta property=\"og:title\" content=\"Warum ich Social Media so mag -\" \/>\n<meta property=\"og:description\" content=\"Ich geb\u2019s jetzt einfach mal zu: Eigentlich bin ich ganz gern faul. Wenn es f\u00fcr etwas eine praktische L\u00f6sung gibt, bin ich dabei. Darum graut es mir vor jeder Anschaffung. [&hellip;]\" \/>\n<meta property=\"og:url\" content=\"https:\/\/www.annodazumal.net\/index.php\/2019\/07\/12\/warum-ich-social-media-so-mag\/\" \/>\n<meta property=\"article:published_time\" content=\"2019-07-12T17:25:31+00:00\" \/>\n<meta property=\"article:modified_time\" content=\"2019-07-12T17:25:32+00:00\" \/>\n<meta property=\"og:image\" content=\"https:\/\/www.annodazumal.net\/wp-content\/uploads\/2019\/07\/rabbit-1158594_1280.jpg\" \/>\n\t<meta property=\"og:image:width\" content=\"1280\" \/>\n\t<meta property=\"og:image:height\" content=\"853\" \/>\n\t<meta property=\"og:image:type\" content=\"image\/jpeg\" \/>\n<meta name=\"author\" content=\"planetbarb\" \/>\n<meta name=\"twitter:card\" content=\"summary_large_image\" \/>\n<meta name=\"twitter:label1\" content=\"Verfasst von\" \/>\n\t<meta name=\"twitter:data1\" content=\"planetbarb\" \/>\n\t<meta name=\"twitter:label2\" content=\"Gesch\u00e4tzte Lesezeit\" \/>\n\t<meta name=\"twitter:data2\" content=\"1\u00a0Minute\" \/>\n<script type=\"application\/ld+json\" class=\"yoast-schema-graph\">{\"@context\":\"https:\\\/\\\/schema.org\",\"@graph\":[{\"@type\":\"Article\",\"@id\":\"https:\\\/\\\/www.annodazumal.net\\\/index.php\\\/2019\\\/07\\\/12\\\/warum-ich-social-media-so-mag\\\/#article\",\"isPartOf\":{\"@id\":\"https:\\\/\\\/www.annodazumal.net\\\/index.php\\\/2019\\\/07\\\/12\\\/warum-ich-social-media-so-mag\\\/\"},\"author\":{\"name\":\"planetbarb\",\"@id\":\"https:\\\/\\\/www.annodazumal.net\\\/#\\\/schema\\\/person\\\/cff191c206ab7a547500be0296106e50\"},\"headline\":\"Warum ich Social Media so mag\",\"datePublished\":\"2019-07-12T17:25:31+00:00\",\"dateModified\":\"2019-07-12T17:25:32+00:00\",\"mainEntityOfPage\":{\"@id\":\"https:\\\/\\\/www.annodazumal.net\\\/index.php\\\/2019\\\/07\\\/12\\\/warum-ich-social-media-so-mag\\\/\"},\"wordCount\":302,\"commentCount\":0,\"image\":{\"@id\":\"https:\\\/\\\/www.annodazumal.net\\\/index.php\\\/2019\\\/07\\\/12\\\/warum-ich-social-media-so-mag\\\/#primaryimage\"},\"thumbnailUrl\":\"https:\\\/\\\/www.annodazumal.net\\\/wp-content\\\/uploads\\\/2019\\\/07\\\/rabbit-1158594_1280.jpg\",\"keywords\":[\"crowd\",\"freunde\",\"Twitter\",\"wissen\"],\"articleSection\":[\"GEDANKEN\"],\"inLanguage\":\"de\",\"potentialAction\":[{\"@type\":\"CommentAction\",\"name\":\"Comment\",\"target\":[\"https:\\\/\\\/www.annodazumal.net\\\/index.php\\\/2019\\\/07\\\/12\\\/warum-ich-social-media-so-mag\\\/#respond\"]}]},{\"@type\":\"WebPage\",\"@id\":\"https:\\\/\\\/www.annodazumal.net\\\/index.php\\\/2019\\\/07\\\/12\\\/warum-ich-social-media-so-mag\\\/\",\"url\":\"https:\\\/\\\/www.annodazumal.net\\\/index.php\\\/2019\\\/07\\\/12\\\/warum-ich-social-media-so-mag\\\/\",\"name\":\"Warum ich Social Media so mag -\",\"isPartOf\":{\"@id\":\"https:\\\/\\\/www.annodazumal.net\\\/#website\"},\"primaryImageOfPage\":{\"@id\":\"https:\\\/\\\/www.annodazumal.net\\\/index.php\\\/2019\\\/07\\\/12\\\/warum-ich-social-media-so-mag\\\/#primaryimage\"},\"image\":{\"@id\":\"https:\\\/\\\/www.annodazumal.net\\\/index.php\\\/2019\\\/07\\\/12\\\/warum-ich-social-media-so-mag\\\/#primaryimage\"},\"thumbnailUrl\":\"https:\\\/\\\/www.annodazumal.net\\\/wp-content\\\/uploads\\\/2019\\\/07\\\/rabbit-1158594_1280.jpg\",\"datePublished\":\"2019-07-12T17:25:31+00:00\",\"dateModified\":\"2019-07-12T17:25:32+00:00\",\"author\":{\"@id\":\"https:\\\/\\\/www.annodazumal.net\\\/#\\\/schema\\\/person\\\/cff191c206ab7a547500be0296106e50\"},\"breadcrumb\":{\"@id\":\"https:\\\/\\\/www.annodazumal.net\\\/index.php\\\/2019\\\/07\\\/12\\\/warum-ich-social-media-so-mag\\\/#breadcrumb\"},\"inLanguage\":\"de\",\"potentialAction\":[{\"@type\":\"ReadAction\",\"target\":[\"https:\\\/\\\/www.annodazumal.net\\\/index.php\\\/2019\\\/07\\\/12\\\/warum-ich-social-media-so-mag\\\/\"]}]},{\"@type\":\"ImageObject\",\"inLanguage\":\"de\",\"@id\":\"https:\\\/\\\/www.annodazumal.net\\\/index.php\\\/2019\\\/07\\\/12\\\/warum-ich-social-media-so-mag\\\/#primaryimage\",\"url\":\"https:\\\/\\\/www.annodazumal.net\\\/wp-content\\\/uploads\\\/2019\\\/07\\\/rabbit-1158594_1280.jpg\",\"contentUrl\":\"https:\\\/\\\/www.annodazumal.net\\\/wp-content\\\/uploads\\\/2019\\\/07\\\/rabbit-1158594_1280.jpg\",\"width\":1280,\"height\":853},{\"@type\":\"BreadcrumbList\",\"@id\":\"https:\\\/\\\/www.annodazumal.net\\\/index.php\\\/2019\\\/07\\\/12\\\/warum-ich-social-media-so-mag\\\/#breadcrumb\",\"itemListElement\":[{\"@type\":\"ListItem\",\"position\":1,\"name\":\"Startseite\",\"item\":\"https:\\\/\\\/www.annodazumal.net\\\/\"},{\"@type\":\"ListItem\",\"position\":2,\"name\":\"Warum ich Social Media so mag\"}]},{\"@type\":\"WebSite\",\"@id\":\"https:\\\/\\\/www.annodazumal.net\\\/#website\",\"url\":\"https:\\\/\\\/www.annodazumal.net\\\/\",\"name\":\"\",\"description\":\"\",\"potentialAction\":[{\"@type\":\"SearchAction\",\"target\":{\"@type\":\"EntryPoint\",\"urlTemplate\":\"https:\\\/\\\/www.annodazumal.net\\\/?s={search_term_string}\"},\"query-input\":{\"@type\":\"PropertyValueSpecification\",\"valueRequired\":true,\"valueName\":\"search_term_string\"}}],\"inLanguage\":\"de\"},{\"@type\":\"Person\",\"@id\":\"https:\\\/\\\/www.annodazumal.net\\\/#\\\/schema\\\/person\\\/cff191c206ab7a547500be0296106e50\",\"name\":\"planetbarb\",\"image\":{\"@type\":\"ImageObject\",\"inLanguage\":\"de\",\"@id\":\"https:\\\/\\\/secure.gravatar.com\\\/avatar\\\/6a0b1651ec67ec023cc1623c7a6ead916ead6ff0d4b94fb19eb181c87b2fde1d?s=96&d=mm&r=g\",\"url\":\"https:\\\/\\\/secure.gravatar.com\\\/avatar\\\/6a0b1651ec67ec023cc1623c7a6ead916ead6ff0d4b94fb19eb181c87b2fde1d?s=96&d=mm&r=g\",\"contentUrl\":\"https:\\\/\\\/secure.gravatar.com\\\/avatar\\\/6a0b1651ec67ec023cc1623c7a6ead916ead6ff0d4b94fb19eb181c87b2fde1d?s=96&d=mm&r=g\",\"caption\":\"planetbarb\"},\"url\":\"https:\\\/\\\/www.annodazumal.net\\\/index.php\\\/author\\\/planetbarb\\\/\"}]}<\/script>\n<!-- \/ Yoast SEO plugin. -->","yoast_head_json":{"title":"Warum ich Social Media so mag -","robots":{"index":"index","follow":"follow","max-snippet":"max-snippet:-1","max-image-preview":"max-image-preview:large","max-video-preview":"max-video-preview:-1"},"canonical":"https:\/\/www.annodazumal.net\/index.php\/2019\/07\/12\/warum-ich-social-media-so-mag\/","og_locale":"de_DE","og_type":"article","og_title":"Warum ich Social Media so mag -","og_description":"Ich geb\u2019s jetzt einfach mal zu: Eigentlich bin ich ganz gern faul. Wenn es f\u00fcr etwas eine praktische L\u00f6sung gibt, bin ich dabei. Darum graut es mir vor jeder Anschaffung. [&hellip;]","og_url":"https:\/\/www.annodazumal.net\/index.php\/2019\/07\/12\/warum-ich-social-media-so-mag\/","article_published_time":"2019-07-12T17:25:31+00:00","article_modified_time":"2019-07-12T17:25:32+00:00","og_image":[{"width":1280,"height":853,"url":"https:\/\/www.annodazumal.net\/wp-content\/uploads\/2019\/07\/rabbit-1158594_1280.jpg","type":"image\/jpeg"}],"author":"planetbarb","twitter_card":"summary_large_image","twitter_misc":{"Verfasst von":"planetbarb","Gesch\u00e4tzte Lesezeit":"1\u00a0Minute"},"schema":{"@context":"https:\/\/schema.org","@graph":[{"@type":"Article","@id":"https:\/\/www.annodazumal.net\/index.php\/2019\/07\/12\/warum-ich-social-media-so-mag\/#article","isPartOf":{"@id":"https:\/\/www.annodazumal.net\/index.php\/2019\/07\/12\/warum-ich-social-media-so-mag\/"},"author":{"name":"planetbarb","@id":"https:\/\/www.annodazumal.net\/#\/schema\/person\/cff191c206ab7a547500be0296106e50"},"headline":"Warum ich Social Media so mag","datePublished":"2019-07-12T17:25:31+00:00","dateModified":"2019-07-12T17:25:32+00:00","mainEntityOfPage":{"@id":"https:\/\/www.annodazumal.net\/index.php\/2019\/07\/12\/warum-ich-social-media-so-mag\/"},"wordCount":302,"commentCount":0,"image":{"@id":"https:\/\/www.annodazumal.net\/index.php\/2019\/07\/12\/warum-ich-social-media-so-mag\/#primaryimage"},"thumbnailUrl":"https:\/\/www.annodazumal.net\/wp-content\/uploads\/2019\/07\/rabbit-1158594_1280.jpg","keywords":["crowd","freunde","Twitter","wissen"],"articleSection":["GEDANKEN"],"inLanguage":"de","potentialAction":[{"@type":"CommentAction","name":"Comment","target":["https:\/\/www.annodazumal.net\/index.php\/2019\/07\/12\/warum-ich-social-media-so-mag\/#respond"]}]},{"@type":"WebPage","@id":"https:\/\/www.annodazumal.net\/index.php\/2019\/07\/12\/warum-ich-social-media-so-mag\/","url":"https:\/\/www.annodazumal.net\/index.php\/2019\/07\/12\/warum-ich-social-media-so-mag\/","name":"Warum ich Social Media so mag -","isPartOf":{"@id":"https:\/\/www.annodazumal.net\/#website"},"primaryImageOfPage":{"@id":"https:\/\/www.annodazumal.net\/index.php\/2019\/07\/12\/warum-ich-social-media-so-mag\/#primaryimage"},"image":{"@id":"https:\/\/www.annodazumal.net\/index.php\/2019\/07\/12\/warum-ich-social-media-so-mag\/#primaryimage"},"thumbnailUrl":"https:\/\/www.annodazumal.net\/wp-content\/uploads\/2019\/07\/rabbit-1158594_1280.jpg","datePublished":"2019-07-12T17:25:31+00:00","dateModified":"2019-07-12T17:25:32+00:00","author":{"@id":"https:\/\/www.annodazumal.net\/#\/schema\/person\/cff191c206ab7a547500be0296106e50"},"breadcrumb":{"@id":"https:\/\/www.annodazumal.net\/index.php\/2019\/07\/12\/warum-ich-social-media-so-mag\/#breadcrumb"},"inLanguage":"de","potentialAction":[{"@type":"ReadAction","target":["https:\/\/www.annodazumal.net\/index.php\/2019\/07\/12\/warum-ich-social-media-so-mag\/"]}]},{"@type":"ImageObject","inLanguage":"de","@id":"https:\/\/www.annodazumal.net\/index.php\/2019\/07\/12\/warum-ich-social-media-so-mag\/#primaryimage","url":"https:\/\/www.annodazumal.net\/wp-content\/uploads\/2019\/07\/rabbit-1158594_1280.jpg","contentUrl":"https:\/\/www.annodazumal.net\/wp-content\/uploads\/2019\/07\/rabbit-1158594_1280.jpg","width":1280,"height":853},{"@type":"BreadcrumbList","@id":"https:\/\/www.annodazumal.net\/index.php\/2019\/07\/12\/warum-ich-social-media-so-mag\/#breadcrumb","itemListElement":[{"@type":"ListItem","position":1,"name":"Startseite","item":"https:\/\/www.annodazumal.net\/"},{"@type":"ListItem","position":2,"name":"Warum ich Social Media so mag"}]},{"@type":"WebSite","@id":"https:\/\/www.annodazumal.net\/#website","url":"https:\/\/www.annodazumal.net\/","name":"","description":"","potentialAction":[{"@type":"SearchAction","target":{"@type":"EntryPoint","urlTemplate":"https:\/\/www.annodazumal.net\/?s={search_term_string}"},"query-input":{"@type":"PropertyValueSpecification","valueRequired":true,"valueName":"search_term_string"}}],"inLanguage":"de"},{"@type":"Person","@id":"https:\/\/www.annodazumal.net\/#\/schema\/person\/cff191c206ab7a547500be0296106e50","name":"planetbarb","image":{"@type":"ImageObject","inLanguage":"de","@id":"https:\/\/secure.gravatar.com\/avatar\/6a0b1651ec67ec023cc1623c7a6ead916ead6ff0d4b94fb19eb181c87b2fde1d?s=96&d=mm&r=g","url":"https:\/\/secure.gravatar.com\/avatar\/6a0b1651ec67ec023cc1623c7a6ead916ead6ff0d4b94fb19eb181c87b2fde1d?s=96&d=mm&r=g","contentUrl":"https:\/\/secure.gravatar.com\/avatar\/6a0b1651ec67ec023cc1623c7a6ead916ead6ff0d4b94fb19eb181c87b2fde1d?s=96&d=mm&r=g","caption":"planetbarb"},"url":"https:\/\/www.annodazumal.net\/index.php\/author\/planetbarb\/"}]}},"_links":{"self":[{"href":"https:\/\/www.annodazumal.net\/index.php\/wp-json\/wp\/v2\/posts\/488","targetHints":{"allow":["GET"]}}],"collection":[{"href":"https:\/\/www.annodazumal.net\/index.php\/wp-json\/wp\/v2\/posts"}],"about":[{"href":"https:\/\/www.annodazumal.net\/index.php\/wp-json\/wp\/v2\/types\/post"}],"author":[{"embeddable":true,"href":"https:\/\/www.annodazumal.net\/index.php\/wp-json\/wp\/v2\/users\/1"}],"replies":[{"embeddable":true,"href":"https:\/\/www.annodazumal.net\/index.php\/wp-json\/wp\/v2\/comments?post=488"}],"version-history":[{"count":2,"href":"https:\/\/www.annodazumal.net\/index.php\/wp-json\/wp\/v2\/posts\/488\/revisions"}],"predecessor-version":[{"id":491,"href":"https:\/\/www.annodazumal.net\/index.php\/wp-json\/wp\/v2\/posts\/488\/revisions\/491"}],"wp:featuredmedia":[{"embeddable":true,"href":"https:\/\/www.annodazumal.net\/index.php\/wp-json\/wp\/v2\/media\/489"}],"wp:attachment":[{"href":"https:\/\/www.annodazumal.net\/index.php\/wp-json\/wp\/v2\/media?parent=488"}],"wp:term":[{"taxonomy":"category","embeddable":true,"href":"https:\/\/www.annodazumal.net\/index.php\/wp-json\/wp\/v2\/categories?post=488"},{"taxonomy":"post_tag","embeddable":true,"href":"https:\/\/www.annodazumal.net\/index.php\/wp-json\/wp\/v2\/tags?post=488"}],"curies":[{"name":"wp","href":"https:\/\/api.w.org\/{rel}","templated":true}]}}