{"id":28,"date":"2019-07-02T14:10:18","date_gmt":"2019-07-02T12:10:18","guid":{"rendered":"http:\/\/www.annodazumal.net\/?p=28"},"modified":"2019-07-11T15:25:06","modified_gmt":"2019-07-11T13:25:06","slug":"die-geburt-von-social-media","status":"publish","type":"post","link":"https:\/\/www.annodazumal.net\/index.php\/2019\/07\/02\/die-geburt-von-social-media\/","title":{"rendered":"Die Geburt von Social Media"},"content":{"rendered":"\n<p><em>Ich wei\u00df gar nicht mehr, wann ich den Begriff \u201eSocial Media\u201c zum ersten Mal geh\u00f6rt habe. Von einem Tag auf den anderen, waren die Blogs und Nachrichtenportale pl\u00f6tzlich voll davon. Anfangs schwangen noch viel Skepsis und Kritik in den Beitr\u00e4gen mit. Irgendwann schlug das dann in das absolute Gegenteil um. Ein richtiger Boom entstand. &nbsp;<\/em><\/p>\n\n\n\n<blockquote class=\"wp-block-quote is-layout-flow wp-block-quote-is-layout-flow\"><p>Blog: Ein Online-Journal mit regelm\u00e4\u00dfigen Beitr\u00e4gen meistens zu einem bestimmten inhaltlichen Schwerpunkt. Sprache und Ausdruck sind normalerweise weniger f\u00f6rmlich und meinungsst\u00e4rker als in den klassischen Nachrichtenportalen. Blog ist die Abk\u00fcrzung von Web-Log, es ist also eine Neusch\u00f6pfung aus den beiden Begriffen Web (deutsch: Netz, womit das Internet gemeint ist.) und Log-Buch. <\/p><\/blockquote>\n\n\n\n<p>Wenn ich bei Google nach \u201eSocial Media\u201c suche, bekomme ich innerhalb von 0,16 Sekunden 151 Millionen Treffer gelistet. Beim Konkurrenten Bing liefert die gleiche Suche sogar 347 Millionen Ergebnisse. Daf\u00fcr, dass der Begriff gerade mal ein paar Jahre existiert, ist das eine ziemlich beachtliche Zahl. <\/p>\n\n\n\n<h2 class=\"wp-block-heading\">Social Media ist nicht nur Spielerei<\/h2>\n\n\n\n<p>Alle reden \u00fcber Social Media. Das Internet ist voll von Foren, Portalen, Seminaren und sogar Forschungsprojekten zu den neuen Online-Medien.&nbsp;&nbsp;<\/p>\n\n\n\n<p>Was in der Anfangszeit als Spielerei f\u00fcr Menschen mit zuviel Zeit galt, wird heute als eine der bedeutendsten Entwicklungen des 21. Jahrhunderts gehandelt. Mittlerweile begegnet die Allgemeinheit den M\u00f6glichkeiten dieser neuen Medien schon fast mit Ehrfurcht. Wer die Worte \u201eSocial Media\u201c ausspricht, erstrahlt fast von alleine in einer Aura aus Innovationsgeist und Internationalit\u00e4t. Wenn du dich dann noch mit Anwenderkenntnissen schm\u00fccken kannst, dann ist der Fall f\u00fcr deine Gespr\u00e4chspartner meistens glasklar: \u201eDer hat\u2019s raus!\u201c&nbsp;<\/p>\n\n\n\n<p>Das Internetph\u00e4nomen hat nicht nur Marketingabteilungen auf den Kopf gestellt. Studien renommierter Institute untersuchen mittlerweile die Auswirkungen von Social Media auf unser Verhalten, Sprache und sogar Freundschaften. In Talk Shows, Publikumszeitschriften und Konferenzen kannst du jeden neuen Trend nachlesen und diskutieren. Offensichtlich kann man sogar ganze B\u00fccher dar\u00fcber schreiben.&nbsp;Und davon gibt&#8217;s nicht Wenige!<\/p>\n","protected":false},"excerpt":{"rendered":"<p>Ich wei\u00df gar nicht mehr, wann ich den Begriff \u201eSocial Media\u201c zum ersten Mal geh\u00f6rt habe. Von einem Tag auf den anderen, waren die Blogs und Nachrichtenportale pl\u00f6tzlich voll davon. [&hellip;]<\/p>\n","protected":false},"author":1,"featured_media":29,"comment_status":"open","ping_status":"open","sticky":false,"template":"","format":"standard","meta":{"footnotes":""},"categories":[7],"tags":[17,15,16],"class_list":["post-28","post","type-post","status-publish","format-standard","has-post-thumbnail","hentry","category-gedanken","tag-blog","tag-google","tag-kritik"],"yoast_head":"<!-- This site is optimized with the Yoast SEO plugin v27.5 - https:\/\/yoast.com\/product\/yoast-seo-wordpress\/ -->\n<title>Die Geburt von Social Media -<\/title>\n<meta name=\"robots\" content=\"index, follow, max-snippet:-1, max-image-preview:large, max-video-preview:-1\" \/>\n<link rel=\"canonical\" href=\"https:\/\/www.annodazumal.net\/index.php\/2019\/07\/02\/die-geburt-von-social-media\/\" \/>\n<meta property=\"og:locale\" content=\"de_DE\" \/>\n<meta property=\"og:type\" content=\"article\" \/>\n<meta property=\"og:title\" content=\"Die Geburt von Social Media -\" \/>\n<meta property=\"og:description\" content=\"Ich wei\u00df gar nicht mehr, wann ich den Begriff \u201eSocial Media\u201c zum ersten Mal geh\u00f6rt habe. Von einem Tag auf den anderen, waren die Blogs und Nachrichtenportale pl\u00f6tzlich voll davon. [&hellip;]\" \/>\n<meta property=\"og:url\" content=\"https:\/\/www.annodazumal.net\/index.php\/2019\/07\/02\/die-geburt-von-social-media\/\" \/>\n<meta property=\"article:published_time\" content=\"2019-07-02T12:10:18+00:00\" \/>\n<meta property=\"article:modified_time\" content=\"2019-07-11T13:25:06+00:00\" \/>\n<meta property=\"og:image\" content=\"https:\/\/www.annodazumal.net\/wp-content\/uploads\/2019\/07\/barack-obama-1199638_640.jpg\" \/>\n\t<meta property=\"og:image:width\" content=\"640\" \/>\n\t<meta property=\"og:image:height\" content=\"426\" \/>\n\t<meta property=\"og:image:type\" content=\"image\/jpeg\" \/>\n<meta name=\"author\" content=\"planetbarb\" \/>\n<meta name=\"twitter:card\" content=\"summary_large_image\" \/>\n<meta name=\"twitter:label1\" content=\"Verfasst von\" \/>\n\t<meta name=\"twitter:data1\" content=\"planetbarb\" \/>\n\t<meta name=\"twitter:label2\" content=\"Gesch\u00e4tzte Lesezeit\" \/>\n\t<meta name=\"twitter:data2\" content=\"2\u00a0Minuten\" \/>\n<script type=\"application\/ld+json\" class=\"yoast-schema-graph\">{\"@context\":\"https:\\\/\\\/schema.org\",\"@graph\":[{\"@type\":\"Article\",\"@id\":\"https:\\\/\\\/www.annodazumal.net\\\/index.php\\\/2019\\\/07\\\/02\\\/die-geburt-von-social-media\\\/#article\",\"isPartOf\":{\"@id\":\"https:\\\/\\\/www.annodazumal.net\\\/index.php\\\/2019\\\/07\\\/02\\\/die-geburt-von-social-media\\\/\"},\"author\":{\"name\":\"planetbarb\",\"@id\":\"https:\\\/\\\/www.annodazumal.net\\\/#\\\/schema\\\/person\\\/cff191c206ab7a547500be0296106e50\"},\"headline\":\"Die Geburt von Social Media\",\"datePublished\":\"2019-07-02T12:10:18+00:00\",\"dateModified\":\"2019-07-11T13:25:06+00:00\",\"mainEntityOfPage\":{\"@id\":\"https:\\\/\\\/www.annodazumal.net\\\/index.php\\\/2019\\\/07\\\/02\\\/die-geburt-von-social-media\\\/\"},\"wordCount\":331,\"commentCount\":0,\"image\":{\"@id\":\"https:\\\/\\\/www.annodazumal.net\\\/index.php\\\/2019\\\/07\\\/02\\\/die-geburt-von-social-media\\\/#primaryimage\"},\"thumbnailUrl\":\"https:\\\/\\\/www.annodazumal.net\\\/wp-content\\\/uploads\\\/2019\\\/07\\\/barack-obama-1199638_640.jpg\",\"keywords\":[\"Blog\",\"Google\",\"Kritik\"],\"articleSection\":[\"GEDANKEN\"],\"inLanguage\":\"de\",\"potentialAction\":[{\"@type\":\"CommentAction\",\"name\":\"Comment\",\"target\":[\"https:\\\/\\\/www.annodazumal.net\\\/index.php\\\/2019\\\/07\\\/02\\\/die-geburt-von-social-media\\\/#respond\"]}]},{\"@type\":\"WebPage\",\"@id\":\"https:\\\/\\\/www.annodazumal.net\\\/index.php\\\/2019\\\/07\\\/02\\\/die-geburt-von-social-media\\\/\",\"url\":\"https:\\\/\\\/www.annodazumal.net\\\/index.php\\\/2019\\\/07\\\/02\\\/die-geburt-von-social-media\\\/\",\"name\":\"Die Geburt von Social Media -\",\"isPartOf\":{\"@id\":\"https:\\\/\\\/www.annodazumal.net\\\/#website\"},\"primaryImageOfPage\":{\"@id\":\"https:\\\/\\\/www.annodazumal.net\\\/index.php\\\/2019\\\/07\\\/02\\\/die-geburt-von-social-media\\\/#primaryimage\"},\"image\":{\"@id\":\"https:\\\/\\\/www.annodazumal.net\\\/index.php\\\/2019\\\/07\\\/02\\\/die-geburt-von-social-media\\\/#primaryimage\"},\"thumbnailUrl\":\"https:\\\/\\\/www.annodazumal.net\\\/wp-content\\\/uploads\\\/2019\\\/07\\\/barack-obama-1199638_640.jpg\",\"datePublished\":\"2019-07-02T12:10:18+00:00\",\"dateModified\":\"2019-07-11T13:25:06+00:00\",\"author\":{\"@id\":\"https:\\\/\\\/www.annodazumal.net\\\/#\\\/schema\\\/person\\\/cff191c206ab7a547500be0296106e50\"},\"breadcrumb\":{\"@id\":\"https:\\\/\\\/www.annodazumal.net\\\/index.php\\\/2019\\\/07\\\/02\\\/die-geburt-von-social-media\\\/#breadcrumb\"},\"inLanguage\":\"de\",\"potentialAction\":[{\"@type\":\"ReadAction\",\"target\":[\"https:\\\/\\\/www.annodazumal.net\\\/index.php\\\/2019\\\/07\\\/02\\\/die-geburt-von-social-media\\\/\"]}]},{\"@type\":\"ImageObject\",\"inLanguage\":\"de\",\"@id\":\"https:\\\/\\\/www.annodazumal.net\\\/index.php\\\/2019\\\/07\\\/02\\\/die-geburt-von-social-media\\\/#primaryimage\",\"url\":\"https:\\\/\\\/www.annodazumal.net\\\/wp-content\\\/uploads\\\/2019\\\/07\\\/barack-obama-1199638_640.jpg\",\"contentUrl\":\"https:\\\/\\\/www.annodazumal.net\\\/wp-content\\\/uploads\\\/2019\\\/07\\\/barack-obama-1199638_640.jpg\",\"width\":640,\"height\":426},{\"@type\":\"BreadcrumbList\",\"@id\":\"https:\\\/\\\/www.annodazumal.net\\\/index.php\\\/2019\\\/07\\\/02\\\/die-geburt-von-social-media\\\/#breadcrumb\",\"itemListElement\":[{\"@type\":\"ListItem\",\"position\":1,\"name\":\"Startseite\",\"item\":\"https:\\\/\\\/www.annodazumal.net\\\/\"},{\"@type\":\"ListItem\",\"position\":2,\"name\":\"Die Geburt von Social Media\"}]},{\"@type\":\"WebSite\",\"@id\":\"https:\\\/\\\/www.annodazumal.net\\\/#website\",\"url\":\"https:\\\/\\\/www.annodazumal.net\\\/\",\"name\":\"\",\"description\":\"\",\"potentialAction\":[{\"@type\":\"SearchAction\",\"target\":{\"@type\":\"EntryPoint\",\"urlTemplate\":\"https:\\\/\\\/www.annodazumal.net\\\/?s={search_term_string}\"},\"query-input\":{\"@type\":\"PropertyValueSpecification\",\"valueRequired\":true,\"valueName\":\"search_term_string\"}}],\"inLanguage\":\"de\"},{\"@type\":\"Person\",\"@id\":\"https:\\\/\\\/www.annodazumal.net\\\/#\\\/schema\\\/person\\\/cff191c206ab7a547500be0296106e50\",\"name\":\"planetbarb\",\"image\":{\"@type\":\"ImageObject\",\"inLanguage\":\"de\",\"@id\":\"https:\\\/\\\/secure.gravatar.com\\\/avatar\\\/6a0b1651ec67ec023cc1623c7a6ead916ead6ff0d4b94fb19eb181c87b2fde1d?s=96&d=mm&r=g\",\"url\":\"https:\\\/\\\/secure.gravatar.com\\\/avatar\\\/6a0b1651ec67ec023cc1623c7a6ead916ead6ff0d4b94fb19eb181c87b2fde1d?s=96&d=mm&r=g\",\"contentUrl\":\"https:\\\/\\\/secure.gravatar.com\\\/avatar\\\/6a0b1651ec67ec023cc1623c7a6ead916ead6ff0d4b94fb19eb181c87b2fde1d?s=96&d=mm&r=g\",\"caption\":\"planetbarb\"},\"url\":\"https:\\\/\\\/www.annodazumal.net\\\/index.php\\\/author\\\/planetbarb\\\/\"}]}<\/script>\n<!-- \/ Yoast SEO plugin. -->","yoast_head_json":{"title":"Die Geburt von Social Media -","robots":{"index":"index","follow":"follow","max-snippet":"max-snippet:-1","max-image-preview":"max-image-preview:large","max-video-preview":"max-video-preview:-1"},"canonical":"https:\/\/www.annodazumal.net\/index.php\/2019\/07\/02\/die-geburt-von-social-media\/","og_locale":"de_DE","og_type":"article","og_title":"Die Geburt von Social Media -","og_description":"Ich wei\u00df gar nicht mehr, wann ich den Begriff \u201eSocial Media\u201c zum ersten Mal geh\u00f6rt habe. Von einem Tag auf den anderen, waren die Blogs und Nachrichtenportale pl\u00f6tzlich voll davon. [&hellip;]","og_url":"https:\/\/www.annodazumal.net\/index.php\/2019\/07\/02\/die-geburt-von-social-media\/","article_published_time":"2019-07-02T12:10:18+00:00","article_modified_time":"2019-07-11T13:25:06+00:00","og_image":[{"width":640,"height":426,"url":"https:\/\/www.annodazumal.net\/wp-content\/uploads\/2019\/07\/barack-obama-1199638_640.jpg","type":"image\/jpeg"}],"author":"planetbarb","twitter_card":"summary_large_image","twitter_misc":{"Verfasst von":"planetbarb","Gesch\u00e4tzte Lesezeit":"2\u00a0Minuten"},"schema":{"@context":"https:\/\/schema.org","@graph":[{"@type":"Article","@id":"https:\/\/www.annodazumal.net\/index.php\/2019\/07\/02\/die-geburt-von-social-media\/#article","isPartOf":{"@id":"https:\/\/www.annodazumal.net\/index.php\/2019\/07\/02\/die-geburt-von-social-media\/"},"author":{"name":"planetbarb","@id":"https:\/\/www.annodazumal.net\/#\/schema\/person\/cff191c206ab7a547500be0296106e50"},"headline":"Die Geburt von Social Media","datePublished":"2019-07-02T12:10:18+00:00","dateModified":"2019-07-11T13:25:06+00:00","mainEntityOfPage":{"@id":"https:\/\/www.annodazumal.net\/index.php\/2019\/07\/02\/die-geburt-von-social-media\/"},"wordCount":331,"commentCount":0,"image":{"@id":"https:\/\/www.annodazumal.net\/index.php\/2019\/07\/02\/die-geburt-von-social-media\/#primaryimage"},"thumbnailUrl":"https:\/\/www.annodazumal.net\/wp-content\/uploads\/2019\/07\/barack-obama-1199638_640.jpg","keywords":["Blog","Google","Kritik"],"articleSection":["GEDANKEN"],"inLanguage":"de","potentialAction":[{"@type":"CommentAction","name":"Comment","target":["https:\/\/www.annodazumal.net\/index.php\/2019\/07\/02\/die-geburt-von-social-media\/#respond"]}]},{"@type":"WebPage","@id":"https:\/\/www.annodazumal.net\/index.php\/2019\/07\/02\/die-geburt-von-social-media\/","url":"https:\/\/www.annodazumal.net\/index.php\/2019\/07\/02\/die-geburt-von-social-media\/","name":"Die Geburt von Social Media -","isPartOf":{"@id":"https:\/\/www.annodazumal.net\/#website"},"primaryImageOfPage":{"@id":"https:\/\/www.annodazumal.net\/index.php\/2019\/07\/02\/die-geburt-von-social-media\/#primaryimage"},"image":{"@id":"https:\/\/www.annodazumal.net\/index.php\/2019\/07\/02\/die-geburt-von-social-media\/#primaryimage"},"thumbnailUrl":"https:\/\/www.annodazumal.net\/wp-content\/uploads\/2019\/07\/barack-obama-1199638_640.jpg","datePublished":"2019-07-02T12:10:18+00:00","dateModified":"2019-07-11T13:25:06+00:00","author":{"@id":"https:\/\/www.annodazumal.net\/#\/schema\/person\/cff191c206ab7a547500be0296106e50"},"breadcrumb":{"@id":"https:\/\/www.annodazumal.net\/index.php\/2019\/07\/02\/die-geburt-von-social-media\/#breadcrumb"},"inLanguage":"de","potentialAction":[{"@type":"ReadAction","target":["https:\/\/www.annodazumal.net\/index.php\/2019\/07\/02\/die-geburt-von-social-media\/"]}]},{"@type":"ImageObject","inLanguage":"de","@id":"https:\/\/www.annodazumal.net\/index.php\/2019\/07\/02\/die-geburt-von-social-media\/#primaryimage","url":"https:\/\/www.annodazumal.net\/wp-content\/uploads\/2019\/07\/barack-obama-1199638_640.jpg","contentUrl":"https:\/\/www.annodazumal.net\/wp-content\/uploads\/2019\/07\/barack-obama-1199638_640.jpg","width":640,"height":426},{"@type":"BreadcrumbList","@id":"https:\/\/www.annodazumal.net\/index.php\/2019\/07\/02\/die-geburt-von-social-media\/#breadcrumb","itemListElement":[{"@type":"ListItem","position":1,"name":"Startseite","item":"https:\/\/www.annodazumal.net\/"},{"@type":"ListItem","position":2,"name":"Die Geburt von Social Media"}]},{"@type":"WebSite","@id":"https:\/\/www.annodazumal.net\/#website","url":"https:\/\/www.annodazumal.net\/","name":"","description":"","potentialAction":[{"@type":"SearchAction","target":{"@type":"EntryPoint","urlTemplate":"https:\/\/www.annodazumal.net\/?s={search_term_string}"},"query-input":{"@type":"PropertyValueSpecification","valueRequired":true,"valueName":"search_term_string"}}],"inLanguage":"de"},{"@type":"Person","@id":"https:\/\/www.annodazumal.net\/#\/schema\/person\/cff191c206ab7a547500be0296106e50","name":"planetbarb","image":{"@type":"ImageObject","inLanguage":"de","@id":"https:\/\/secure.gravatar.com\/avatar\/6a0b1651ec67ec023cc1623c7a6ead916ead6ff0d4b94fb19eb181c87b2fde1d?s=96&d=mm&r=g","url":"https:\/\/secure.gravatar.com\/avatar\/6a0b1651ec67ec023cc1623c7a6ead916ead6ff0d4b94fb19eb181c87b2fde1d?s=96&d=mm&r=g","contentUrl":"https:\/\/secure.gravatar.com\/avatar\/6a0b1651ec67ec023cc1623c7a6ead916ead6ff0d4b94fb19eb181c87b2fde1d?s=96&d=mm&r=g","caption":"planetbarb"},"url":"https:\/\/www.annodazumal.net\/index.php\/author\/planetbarb\/"}]}},"_links":{"self":[{"href":"https:\/\/www.annodazumal.net\/index.php\/wp-json\/wp\/v2\/posts\/28","targetHints":{"allow":["GET"]}}],"collection":[{"href":"https:\/\/www.annodazumal.net\/index.php\/wp-json\/wp\/v2\/posts"}],"about":[{"href":"https:\/\/www.annodazumal.net\/index.php\/wp-json\/wp\/v2\/types\/post"}],"author":[{"embeddable":true,"href":"https:\/\/www.annodazumal.net\/index.php\/wp-json\/wp\/v2\/users\/1"}],"replies":[{"embeddable":true,"href":"https:\/\/www.annodazumal.net\/index.php\/wp-json\/wp\/v2\/comments?post=28"}],"version-history":[{"count":6,"href":"https:\/\/www.annodazumal.net\/index.php\/wp-json\/wp\/v2\/posts\/28\/revisions"}],"predecessor-version":[{"id":409,"href":"https:\/\/www.annodazumal.net\/index.php\/wp-json\/wp\/v2\/posts\/28\/revisions\/409"}],"wp:featuredmedia":[{"embeddable":true,"href":"https:\/\/www.annodazumal.net\/index.php\/wp-json\/wp\/v2\/media\/29"}],"wp:attachment":[{"href":"https:\/\/www.annodazumal.net\/index.php\/wp-json\/wp\/v2\/media?parent=28"}],"wp:term":[{"taxonomy":"category","embeddable":true,"href":"https:\/\/www.annodazumal.net\/index.php\/wp-json\/wp\/v2\/categories?post=28"},{"taxonomy":"post_tag","embeddable":true,"href":"https:\/\/www.annodazumal.net\/index.php\/wp-json\/wp\/v2\/tags?post=28"}],"curies":[{"name":"wp","href":"https:\/\/api.w.org\/{rel}","templated":true}]}}