{"id":1262,"date":"2025-02-03T22:26:05","date_gmt":"2025-02-03T21:26:05","guid":{"rendered":"https:\/\/www.annodazumal.net\/?p=1262"},"modified":"2025-02-03T22:27:04","modified_gmt":"2025-02-03T21:27:04","slug":"content-fuer-instagram-facebook-alles-gleich-oder-anders","status":"publish","type":"post","link":"https:\/\/www.annodazumal.net\/index.php\/2025\/02\/03\/content-fuer-instagram-facebook-alles-gleich-oder-anders\/","title":{"rendered":"Content f\u00fcr Instagram &#038; Facebook: Alles gleich oder anders?"},"content":{"rendered":"\n<p><em>Facebook und Instagram geh\u00f6ren im Social Media Mix vieler Beh\u00f6rden l\u00e4ngst dazu. Oft unterscheiden sich die Inhalte in den beiden Kan\u00e4len kaum. Kann das funktionieren? Oder braucht die \u00f6ffentliche Hand f\u00fcr die beiden beliebten Netzwerke eine jeweils eigene Content-Strategie?&nbsp;<\/em><\/p>\n\n\n\n<p>Ein paar beruhigende Worte vorweg: Es ist nichts falsch daran, gelegentlich denselben Inhalt auf Facebook und Instagram zu posten. Schlie\u00dflich werden die Zielgruppen, die Sie dort erreichen, \u00e4hnlich sein. Aber vergessen Sie nicht: Facebook und Instagram geh\u00f6ren zwar demselben Unternehmen, trotzdem sind die Kan\u00e4le unterschiedlich. Denn die Nutzer:innen haben andere Erwartungen an den Inhalt, wenn sie Instagram oder Facebook \u00f6ffnen. Stellen Sie es sich so vor: Sie m\u00f6gen gerne Zitronen- und Marmorkuchen. Aber mal steht Ihnen der Sinn nach dem einen, und mal nach dem anderen. So \u00e4hnlich ist es, wenn sich Ihre Fans entscheiden, sich bei Facebook oder Instagram einzuloggen.<\/p>\n\n\n\n<h2 class=\"wp-block-heading\"><strong>Inspiration oder Information?<\/strong><\/h2>\n\n\n\n<p>Auf die Inhalte bezogen, k\u00f6nnte man vereinfacht sagen, dass Instagram die Plattform ist, auf der Menschen Inspiration und eine Insider-Perspektive erwarten, w\u00e4hrend sie bei Facebook nach Austausch, Informationen und Meinungen suchen.<\/p>\n\n\n\n<p>W\u00e4hrend einer gro\u00dfen Veranstaltung ist Instagram beispielsweise das Netzwerk, bei dem Nutzer:innen den Blick hinter die Kulisse, Eindr\u00fccke von Prominenten und coole Szenen sehen m\u00f6chten. Bei Facebook-Inhalten erwarten die Menschen zur selben Veranstaltung eher aktuelle Updates, Informationen zum Ablauf oder vielleicht nach Schilderungen von Besucher:innen.<\/p>\n\n\n\n<p>Idealerweise sollten Beh\u00f6rden und Verwaltungen daher eine klare Strategie und einen eigenen Ansatz f\u00fcr beide Kan\u00e4le haben. Das scheitert allerdings h\u00e4ufig daran, dass nicht genug Themen vorhanden sind. Hinzu kommt, dass gerade die \u00f6ffentliche Hand Social Media \u00fcberwiegend zur Verbreitung von Informationen nutzt. Diese sollen breit ausgespielt werden, um m\u00f6glichst viele Menschen zu erreichen. Allein das erfordert, dass der gleiche Inhalt in mehrere Kan\u00e4le ausgespielt wird. Umso wichtiger ist es, das gleiche Thema dem netzwerk-entsprechend aufzubereiten. Folgende Merkmale gilt es dabei zu beachten:<\/p>\n\n\n\n<ul class=\"wp-block-list\">\n<li><strong>Unterschied: Verlinkungen<\/strong><\/li>\n<\/ul>\n\n\n\n<ol class=\"wp-block-list\"><\/ol>\n\n\n\n<p>Der gr\u00f6\u00dfte Unterschied besteht darin, dass Facebook klickbare Links mit einer Link-Vorschau erlaubt. Bei Instagram gibt es das nicht. Nur wenn Sie mehr als 10.000 Follower haben, k\u00f6nnen Sie aus Ihren Stories heraus verlinken. Newsfeed-Posts erfolgen auf Instagram stets ohne Link.&nbsp;<\/p>\n\n\n\n<p>Wenn Sie also einen Facebook-Post f\u00fcr Instagram aufbereiten, m\u00fcssen Sie Links herausl\u00f6schen und\/oder durch den Hinweis \u201eLink in Bio\u201c ersetzen. Letzteres ist dann \u00fcblich, wenn Sie eine&nbsp;<a>Landing Page&nbsp;<\/a><a href=\"applewebdata:\/\/0DDB2797-DD74-49E9-95C6-98D6294BF5CB#_msocom_1\">[BW1]<\/a>&nbsp;nutzen, auf der Sie die Verlinkungen zu Ihren Instagram-Posts sammeln. Auf diese verweisen Sie \u00fcber den Link, den Instagram Ihnen in der Kurz-Bio erlaubt. Ihre Nutzer:innen finden \u00fcber diesen Link zu Ihrer Landing Page und von dort zu allen weiteren verlinkten Inhalten.&nbsp;<\/p>\n\n\n\n<ul class=\"wp-block-list\">\n<li><strong>Unterschied: Videol\u00e4ngen<\/strong><\/li>\n<\/ul>\n\n\n\n<ol class=\"wp-block-list\"><\/ol>\n\n\n\n<p>Auf Instagram k\u00f6nnen Sie entweder ein bis zu 60 Sekunden langes Video im Newsfeed oder Videos mit maximal 60 Minuten auf IGTV posten. Dabei ist es m\u00f6glich, \u00fcber die Option \u201eVorschau in Feed posten\u201c das lange Video im Newsfeed als Kurzversion anzuteasern. Hinzu kommen die beliebten Reels, die Instagram aktuell stark ausspielt und mit viel Reichweite belohnt. Reels waren zun\u00e4chst maximal 30 Sekunden lang, sind zuletzt aber auf 90 Sekunden verl\u00e4ngert worden.&nbsp;<\/p>\n\n\n\n<p>Reels k\u00f6nnen parallel auch auf Facebook ausgespielt werden, erhalten dort aber nicht die gleiche Aufmerksamkeit. Auf Facebook k\u00f6nnen Sie daf\u00fcr Videos mit bis zu 240 Minuten L\u00e4nge ver\u00f6ffentlichen.&nbsp;<\/p>\n\n\n\n<p><em>Tipp: Entwickeln Sie ein Videoformat, das sie immer zu einem bestimmten Zeitpunkt ver\u00f6ffentlichen, beispielsweise jeden Mittwoch um 20 Uhr. Konsistenz ist bei l\u00e4ngeren Videos wichtig. Die Community gew\u00f6hnt sich daran, was sich positiv auf die Reichweite auswirkt.&nbsp;<\/em><\/p>\n\n\n\n<ul class=\"wp-block-list\">\n<li><strong>Unterschied: Textl\u00e4ngen<\/strong><\/li>\n<\/ul>\n\n\n\n<p>Theoretisch h\u00e4tten Sie genug Platz, um auf Facebook ein ganzes Magazin in einem Post unterzubringen \u2013 10.000 W\u00f6rter sind das Maximum. Aber in der Praxis erhalten k\u00fcrzere Posts mehr Likes, Kommentare und Shares. Die Facebook-User m\u00f6gen es, wenn eine Botschaft schnell und pr\u00e4gnant auf den Punkt kommt. Bleiben Sie \u2013 sofern m\u00f6glich \u2013 unter 80 Zeichen.&nbsp;<\/p>\n\n\n\n<p>Das Instagram-Publikum gibt Ihnen ein paar Zeichen mehr. Hier performen Posts mit einer L\u00e4nge von 135 bis 180 Zeichen am besten. Eine erfolgreiche Instagram-Caption f\u00fcgt Kontext hinzu, zeigt die Handschrift Ihrer Beh\u00f6rde und l\u00e4sst sich leicht lesen. Nutzen Sie die Extra-Zeichen, auch wenn es nicht viele sind.<\/p>\n\n\n\n<ul class=\"wp-block-list\">\n<li><strong>Unterschied: \u00c4sthetik<\/strong><\/li>\n<\/ul>\n\n\n\n<p>Nicht vergessen: Zwar ist Instagram heute multimedial und entwickelt sich stark Richtung Video-Content, doch zu Beginn war es eine reine Foto-Plattform. Der Anspruch an die Qualit\u00e4t und \u00c4sthetik des Contents ist daher h\u00f6her als auf Facebook. Auf Facebook m\u00fcssen Bilder und Videos nicht so perfekt und auf den Punkt genau sein. Bei Instagram sollten Sie st\u00e4rker auf ein Farbschema, das richtige Licht und einen passenden Hintergrund achten.&nbsp;<\/p>\n\n\n\n<h2 class=\"wp-block-heading\"><strong>Fazit:<\/strong><\/h2>\n\n\n\n<p>Facebook und Instagram \u00e4hneln sich und besitzen im Gro\u00dfen und Ganzen die gleichen Funktionalit\u00e4ten. Sie bieten Nutzer:innen jedoch nicht nur im Detail technische wie redaktionelle Unterschiede, sondern vor allem eine andere \u201eErlebniswelt\u201c. Idealerweise sollten Beh\u00f6rden und Verwaltungen dies bei der Content-Erstellung ber\u00fccksichtigen.<\/p>\n\n\n\n<p>Schlussendlich ist das beste Konzept f\u00fcr Ihre Kan\u00e4le jedoch das, das funktioniert. Probieren Sie daher verschiedene Formate und Taktiken in beiden Kan\u00e4len aus und evaluieren Sie regelm\u00e4\u00dfig. Wichtig ist, dass Sie die individuellen St\u00e4rken beider Plattformen nutzen, um mit Ihren Zielgruppen einen kontinuierlichen Dialog zu f\u00fchren.<\/p>\n\n\n\n<p><\/p>\n","protected":false},"excerpt":{"rendered":"<p>Facebook und Instagram geh\u00f6ren im Social Media Mix vieler Beh\u00f6rden l\u00e4ngst dazu. Oft unterscheiden sich die Inhalte in den beiden Kan\u00e4len kaum. Kann das funktionieren? Oder braucht die \u00f6ffentliche Hand [&hellip;]<\/p>\n","protected":false},"author":1,"featured_media":1263,"comment_status":"open","ping_status":"open","sticky":false,"template":"","format":"standard","meta":{"footnotes":""},"categories":[1,6],"tags":[],"class_list":["post-1262","post","type-post","status-publish","format-standard","has-post-thumbnail","hentry","category-allgemein","category-netzwerke"],"yoast_head":"<!-- This site is optimized with the Yoast SEO plugin v27.5 - https:\/\/yoast.com\/product\/yoast-seo-wordpress\/ -->\n<title>Content f\u00fcr Instagram &amp; Facebook: Alles gleich oder anders? -<\/title>\n<meta name=\"description\" content=\"Oft unterscheiden sich die Posts auf dem Facebook- und dem Instagram-Profil einer Beh\u00f6rde kaum. Kann das funktionieren? Und wie passt man Posts richtig an?\" \/>\n<meta name=\"robots\" content=\"index, follow, max-snippet:-1, max-image-preview:large, max-video-preview:-1\" \/>\n<link rel=\"canonical\" href=\"https:\/\/www.annodazumal.net\/index.php\/2025\/02\/03\/content-fuer-instagram-facebook-alles-gleich-oder-anders\/\" \/>\n<meta property=\"og:locale\" content=\"de_DE\" \/>\n<meta property=\"og:type\" content=\"article\" \/>\n<meta property=\"og:title\" content=\"Content f\u00fcr Instagram &amp; Facebook: Alles gleich oder anders? -\" \/>\n<meta property=\"og:description\" content=\"Oft unterscheiden sich die Posts auf dem Facebook- und dem Instagram-Profil einer Beh\u00f6rde kaum. Kann das funktionieren? Und wie passt man Posts richtig an?\" \/>\n<meta property=\"og:url\" content=\"https:\/\/www.annodazumal.net\/index.php\/2025\/02\/03\/content-fuer-instagram-facebook-alles-gleich-oder-anders\/\" \/>\n<meta property=\"article:published_time\" content=\"2025-02-03T21:26:05+00:00\" \/>\n<meta property=\"article:modified_time\" content=\"2025-02-03T21:27:04+00:00\" \/>\n<meta property=\"og:image\" content=\"https:\/\/www.annodazumal.net\/wp-content\/uploads\/2025\/02\/wine-1585337_640.jpg\" \/>\n\t<meta property=\"og:image:width\" content=\"640\" \/>\n\t<meta property=\"og:image:height\" content=\"426\" \/>\n\t<meta property=\"og:image:type\" content=\"image\/jpeg\" \/>\n<meta name=\"author\" content=\"planetbarb\" \/>\n<meta name=\"twitter:card\" content=\"summary_large_image\" \/>\n<meta name=\"twitter:label1\" content=\"Verfasst von\" \/>\n\t<meta name=\"twitter:data1\" content=\"planetbarb\" \/>\n\t<meta name=\"twitter:label2\" content=\"Gesch\u00e4tzte Lesezeit\" \/>\n\t<meta name=\"twitter:data2\" content=\"5\u00a0Minuten\" \/>\n<script type=\"application\/ld+json\" class=\"yoast-schema-graph\">{\"@context\":\"https:\\\/\\\/schema.org\",\"@graph\":[{\"@type\":\"Article\",\"@id\":\"https:\\\/\\\/www.annodazumal.net\\\/index.php\\\/2025\\\/02\\\/03\\\/content-fuer-instagram-facebook-alles-gleich-oder-anders\\\/#article\",\"isPartOf\":{\"@id\":\"https:\\\/\\\/www.annodazumal.net\\\/index.php\\\/2025\\\/02\\\/03\\\/content-fuer-instagram-facebook-alles-gleich-oder-anders\\\/\"},\"author\":{\"name\":\"planetbarb\",\"@id\":\"https:\\\/\\\/www.annodazumal.net\\\/#\\\/schema\\\/person\\\/cff191c206ab7a547500be0296106e50\"},\"headline\":\"Content f\u00fcr Instagram &#038; Facebook: Alles gleich oder anders?\",\"datePublished\":\"2025-02-03T21:26:05+00:00\",\"dateModified\":\"2025-02-03T21:27:04+00:00\",\"mainEntityOfPage\":{\"@id\":\"https:\\\/\\\/www.annodazumal.net\\\/index.php\\\/2025\\\/02\\\/03\\\/content-fuer-instagram-facebook-alles-gleich-oder-anders\\\/\"},\"wordCount\":895,\"commentCount\":0,\"image\":{\"@id\":\"https:\\\/\\\/www.annodazumal.net\\\/index.php\\\/2025\\\/02\\\/03\\\/content-fuer-instagram-facebook-alles-gleich-oder-anders\\\/#primaryimage\"},\"thumbnailUrl\":\"https:\\\/\\\/www.annodazumal.net\\\/wp-content\\\/uploads\\\/2025\\\/02\\\/wine-1585337_640.jpg\",\"articleSection\":{\"1\":\"NETZWERKE\"},\"inLanguage\":\"de\",\"potentialAction\":[{\"@type\":\"CommentAction\",\"name\":\"Comment\",\"target\":[\"https:\\\/\\\/www.annodazumal.net\\\/index.php\\\/2025\\\/02\\\/03\\\/content-fuer-instagram-facebook-alles-gleich-oder-anders\\\/#respond\"]}]},{\"@type\":\"WebPage\",\"@id\":\"https:\\\/\\\/www.annodazumal.net\\\/index.php\\\/2025\\\/02\\\/03\\\/content-fuer-instagram-facebook-alles-gleich-oder-anders\\\/\",\"url\":\"https:\\\/\\\/www.annodazumal.net\\\/index.php\\\/2025\\\/02\\\/03\\\/content-fuer-instagram-facebook-alles-gleich-oder-anders\\\/\",\"name\":\"Content f\u00fcr Instagram & Facebook: Alles gleich oder anders? -\",\"isPartOf\":{\"@id\":\"https:\\\/\\\/www.annodazumal.net\\\/#website\"},\"primaryImageOfPage\":{\"@id\":\"https:\\\/\\\/www.annodazumal.net\\\/index.php\\\/2025\\\/02\\\/03\\\/content-fuer-instagram-facebook-alles-gleich-oder-anders\\\/#primaryimage\"},\"image\":{\"@id\":\"https:\\\/\\\/www.annodazumal.net\\\/index.php\\\/2025\\\/02\\\/03\\\/content-fuer-instagram-facebook-alles-gleich-oder-anders\\\/#primaryimage\"},\"thumbnailUrl\":\"https:\\\/\\\/www.annodazumal.net\\\/wp-content\\\/uploads\\\/2025\\\/02\\\/wine-1585337_640.jpg\",\"datePublished\":\"2025-02-03T21:26:05+00:00\",\"dateModified\":\"2025-02-03T21:27:04+00:00\",\"author\":{\"@id\":\"https:\\\/\\\/www.annodazumal.net\\\/#\\\/schema\\\/person\\\/cff191c206ab7a547500be0296106e50\"},\"description\":\"Oft unterscheiden sich die Posts auf dem Facebook- und dem Instagram-Profil einer Beh\u00f6rde kaum. Kann das funktionieren? Und wie passt man Posts richtig an?\",\"breadcrumb\":{\"@id\":\"https:\\\/\\\/www.annodazumal.net\\\/index.php\\\/2025\\\/02\\\/03\\\/content-fuer-instagram-facebook-alles-gleich-oder-anders\\\/#breadcrumb\"},\"inLanguage\":\"de\",\"potentialAction\":[{\"@type\":\"ReadAction\",\"target\":[\"https:\\\/\\\/www.annodazumal.net\\\/index.php\\\/2025\\\/02\\\/03\\\/content-fuer-instagram-facebook-alles-gleich-oder-anders\\\/\"]}]},{\"@type\":\"ImageObject\",\"inLanguage\":\"de\",\"@id\":\"https:\\\/\\\/www.annodazumal.net\\\/index.php\\\/2025\\\/02\\\/03\\\/content-fuer-instagram-facebook-alles-gleich-oder-anders\\\/#primaryimage\",\"url\":\"https:\\\/\\\/www.annodazumal.net\\\/wp-content\\\/uploads\\\/2025\\\/02\\\/wine-1585337_640.jpg\",\"contentUrl\":\"https:\\\/\\\/www.annodazumal.net\\\/wp-content\\\/uploads\\\/2025\\\/02\\\/wine-1585337_640.jpg\",\"width\":640,\"height\":426,\"caption\":\"Image by M from Pixabay\"},{\"@type\":\"BreadcrumbList\",\"@id\":\"https:\\\/\\\/www.annodazumal.net\\\/index.php\\\/2025\\\/02\\\/03\\\/content-fuer-instagram-facebook-alles-gleich-oder-anders\\\/#breadcrumb\",\"itemListElement\":[{\"@type\":\"ListItem\",\"position\":1,\"name\":\"Startseite\",\"item\":\"https:\\\/\\\/www.annodazumal.net\\\/\"},{\"@type\":\"ListItem\",\"position\":2,\"name\":\"Content f\u00fcr Instagram &#038; Facebook: Alles gleich oder anders?\"}]},{\"@type\":\"WebSite\",\"@id\":\"https:\\\/\\\/www.annodazumal.net\\\/#website\",\"url\":\"https:\\\/\\\/www.annodazumal.net\\\/\",\"name\":\"\",\"description\":\"\",\"potentialAction\":[{\"@type\":\"SearchAction\",\"target\":{\"@type\":\"EntryPoint\",\"urlTemplate\":\"https:\\\/\\\/www.annodazumal.net\\\/?s={search_term_string}\"},\"query-input\":{\"@type\":\"PropertyValueSpecification\",\"valueRequired\":true,\"valueName\":\"search_term_string\"}}],\"inLanguage\":\"de\"},{\"@type\":\"Person\",\"@id\":\"https:\\\/\\\/www.annodazumal.net\\\/#\\\/schema\\\/person\\\/cff191c206ab7a547500be0296106e50\",\"name\":\"planetbarb\",\"image\":{\"@type\":\"ImageObject\",\"inLanguage\":\"de\",\"@id\":\"https:\\\/\\\/secure.gravatar.com\\\/avatar\\\/6a0b1651ec67ec023cc1623c7a6ead916ead6ff0d4b94fb19eb181c87b2fde1d?s=96&d=mm&r=g\",\"url\":\"https:\\\/\\\/secure.gravatar.com\\\/avatar\\\/6a0b1651ec67ec023cc1623c7a6ead916ead6ff0d4b94fb19eb181c87b2fde1d?s=96&d=mm&r=g\",\"contentUrl\":\"https:\\\/\\\/secure.gravatar.com\\\/avatar\\\/6a0b1651ec67ec023cc1623c7a6ead916ead6ff0d4b94fb19eb181c87b2fde1d?s=96&d=mm&r=g\",\"caption\":\"planetbarb\"},\"url\":\"https:\\\/\\\/www.annodazumal.net\\\/index.php\\\/author\\\/planetbarb\\\/\"}]}<\/script>\n<!-- \/ Yoast SEO plugin. -->","yoast_head_json":{"title":"Content f\u00fcr Instagram & Facebook: Alles gleich oder anders? -","description":"Oft unterscheiden sich die Posts auf dem Facebook- und dem Instagram-Profil einer Beh\u00f6rde kaum. Kann das funktionieren? Und wie passt man Posts richtig an?","robots":{"index":"index","follow":"follow","max-snippet":"max-snippet:-1","max-image-preview":"max-image-preview:large","max-video-preview":"max-video-preview:-1"},"canonical":"https:\/\/www.annodazumal.net\/index.php\/2025\/02\/03\/content-fuer-instagram-facebook-alles-gleich-oder-anders\/","og_locale":"de_DE","og_type":"article","og_title":"Content f\u00fcr Instagram & Facebook: Alles gleich oder anders? -","og_description":"Oft unterscheiden sich die Posts auf dem Facebook- und dem Instagram-Profil einer Beh\u00f6rde kaum. Kann das funktionieren? Und wie passt man Posts richtig an?","og_url":"https:\/\/www.annodazumal.net\/index.php\/2025\/02\/03\/content-fuer-instagram-facebook-alles-gleich-oder-anders\/","article_published_time":"2025-02-03T21:26:05+00:00","article_modified_time":"2025-02-03T21:27:04+00:00","og_image":[{"width":640,"height":426,"url":"https:\/\/www.annodazumal.net\/wp-content\/uploads\/2025\/02\/wine-1585337_640.jpg","type":"image\/jpeg"}],"author":"planetbarb","twitter_card":"summary_large_image","twitter_misc":{"Verfasst von":"planetbarb","Gesch\u00e4tzte Lesezeit":"5\u00a0Minuten"},"schema":{"@context":"https:\/\/schema.org","@graph":[{"@type":"Article","@id":"https:\/\/www.annodazumal.net\/index.php\/2025\/02\/03\/content-fuer-instagram-facebook-alles-gleich-oder-anders\/#article","isPartOf":{"@id":"https:\/\/www.annodazumal.net\/index.php\/2025\/02\/03\/content-fuer-instagram-facebook-alles-gleich-oder-anders\/"},"author":{"name":"planetbarb","@id":"https:\/\/www.annodazumal.net\/#\/schema\/person\/cff191c206ab7a547500be0296106e50"},"headline":"Content f\u00fcr Instagram &#038; Facebook: Alles gleich oder anders?","datePublished":"2025-02-03T21:26:05+00:00","dateModified":"2025-02-03T21:27:04+00:00","mainEntityOfPage":{"@id":"https:\/\/www.annodazumal.net\/index.php\/2025\/02\/03\/content-fuer-instagram-facebook-alles-gleich-oder-anders\/"},"wordCount":895,"commentCount":0,"image":{"@id":"https:\/\/www.annodazumal.net\/index.php\/2025\/02\/03\/content-fuer-instagram-facebook-alles-gleich-oder-anders\/#primaryimage"},"thumbnailUrl":"https:\/\/www.annodazumal.net\/wp-content\/uploads\/2025\/02\/wine-1585337_640.jpg","articleSection":{"1":"NETZWERKE"},"inLanguage":"de","potentialAction":[{"@type":"CommentAction","name":"Comment","target":["https:\/\/www.annodazumal.net\/index.php\/2025\/02\/03\/content-fuer-instagram-facebook-alles-gleich-oder-anders\/#respond"]}]},{"@type":"WebPage","@id":"https:\/\/www.annodazumal.net\/index.php\/2025\/02\/03\/content-fuer-instagram-facebook-alles-gleich-oder-anders\/","url":"https:\/\/www.annodazumal.net\/index.php\/2025\/02\/03\/content-fuer-instagram-facebook-alles-gleich-oder-anders\/","name":"Content f\u00fcr Instagram & Facebook: Alles gleich oder anders? -","isPartOf":{"@id":"https:\/\/www.annodazumal.net\/#website"},"primaryImageOfPage":{"@id":"https:\/\/www.annodazumal.net\/index.php\/2025\/02\/03\/content-fuer-instagram-facebook-alles-gleich-oder-anders\/#primaryimage"},"image":{"@id":"https:\/\/www.annodazumal.net\/index.php\/2025\/02\/03\/content-fuer-instagram-facebook-alles-gleich-oder-anders\/#primaryimage"},"thumbnailUrl":"https:\/\/www.annodazumal.net\/wp-content\/uploads\/2025\/02\/wine-1585337_640.jpg","datePublished":"2025-02-03T21:26:05+00:00","dateModified":"2025-02-03T21:27:04+00:00","author":{"@id":"https:\/\/www.annodazumal.net\/#\/schema\/person\/cff191c206ab7a547500be0296106e50"},"description":"Oft unterscheiden sich die Posts auf dem Facebook- und dem Instagram-Profil einer Beh\u00f6rde kaum. Kann das funktionieren? Und wie passt man Posts richtig an?","breadcrumb":{"@id":"https:\/\/www.annodazumal.net\/index.php\/2025\/02\/03\/content-fuer-instagram-facebook-alles-gleich-oder-anders\/#breadcrumb"},"inLanguage":"de","potentialAction":[{"@type":"ReadAction","target":["https:\/\/www.annodazumal.net\/index.php\/2025\/02\/03\/content-fuer-instagram-facebook-alles-gleich-oder-anders\/"]}]},{"@type":"ImageObject","inLanguage":"de","@id":"https:\/\/www.annodazumal.net\/index.php\/2025\/02\/03\/content-fuer-instagram-facebook-alles-gleich-oder-anders\/#primaryimage","url":"https:\/\/www.annodazumal.net\/wp-content\/uploads\/2025\/02\/wine-1585337_640.jpg","contentUrl":"https:\/\/www.annodazumal.net\/wp-content\/uploads\/2025\/02\/wine-1585337_640.jpg","width":640,"height":426,"caption":"Image by M from Pixabay"},{"@type":"BreadcrumbList","@id":"https:\/\/www.annodazumal.net\/index.php\/2025\/02\/03\/content-fuer-instagram-facebook-alles-gleich-oder-anders\/#breadcrumb","itemListElement":[{"@type":"ListItem","position":1,"name":"Startseite","item":"https:\/\/www.annodazumal.net\/"},{"@type":"ListItem","position":2,"name":"Content f\u00fcr Instagram &#038; Facebook: Alles gleich oder anders?"}]},{"@type":"WebSite","@id":"https:\/\/www.annodazumal.net\/#website","url":"https:\/\/www.annodazumal.net\/","name":"","description":"","potentialAction":[{"@type":"SearchAction","target":{"@type":"EntryPoint","urlTemplate":"https:\/\/www.annodazumal.net\/?s={search_term_string}"},"query-input":{"@type":"PropertyValueSpecification","valueRequired":true,"valueName":"search_term_string"}}],"inLanguage":"de"},{"@type":"Person","@id":"https:\/\/www.annodazumal.net\/#\/schema\/person\/cff191c206ab7a547500be0296106e50","name":"planetbarb","image":{"@type":"ImageObject","inLanguage":"de","@id":"https:\/\/secure.gravatar.com\/avatar\/6a0b1651ec67ec023cc1623c7a6ead916ead6ff0d4b94fb19eb181c87b2fde1d?s=96&d=mm&r=g","url":"https:\/\/secure.gravatar.com\/avatar\/6a0b1651ec67ec023cc1623c7a6ead916ead6ff0d4b94fb19eb181c87b2fde1d?s=96&d=mm&r=g","contentUrl":"https:\/\/secure.gravatar.com\/avatar\/6a0b1651ec67ec023cc1623c7a6ead916ead6ff0d4b94fb19eb181c87b2fde1d?s=96&d=mm&r=g","caption":"planetbarb"},"url":"https:\/\/www.annodazumal.net\/index.php\/author\/planetbarb\/"}]}},"_links":{"self":[{"href":"https:\/\/www.annodazumal.net\/index.php\/wp-json\/wp\/v2\/posts\/1262","targetHints":{"allow":["GET"]}}],"collection":[{"href":"https:\/\/www.annodazumal.net\/index.php\/wp-json\/wp\/v2\/posts"}],"about":[{"href":"https:\/\/www.annodazumal.net\/index.php\/wp-json\/wp\/v2\/types\/post"}],"author":[{"embeddable":true,"href":"https:\/\/www.annodazumal.net\/index.php\/wp-json\/wp\/v2\/users\/1"}],"replies":[{"embeddable":true,"href":"https:\/\/www.annodazumal.net\/index.php\/wp-json\/wp\/v2\/comments?post=1262"}],"version-history":[{"count":1,"href":"https:\/\/www.annodazumal.net\/index.php\/wp-json\/wp\/v2\/posts\/1262\/revisions"}],"predecessor-version":[{"id":1264,"href":"https:\/\/www.annodazumal.net\/index.php\/wp-json\/wp\/v2\/posts\/1262\/revisions\/1264"}],"wp:featuredmedia":[{"embeddable":true,"href":"https:\/\/www.annodazumal.net\/index.php\/wp-json\/wp\/v2\/media\/1263"}],"wp:attachment":[{"href":"https:\/\/www.annodazumal.net\/index.php\/wp-json\/wp\/v2\/media?parent=1262"}],"wp:term":[{"taxonomy":"category","embeddable":true,"href":"https:\/\/www.annodazumal.net\/index.php\/wp-json\/wp\/v2\/categories?post=1262"},{"taxonomy":"post_tag","embeddable":true,"href":"https:\/\/www.annodazumal.net\/index.php\/wp-json\/wp\/v2\/tags?post=1262"}],"curies":[{"name":"wp","href":"https:\/\/api.w.org\/{rel}","templated":true}]}}